{"id":481,"date":"2016-05-04T22:49:08","date_gmt":"2016-05-04T22:49:08","guid":{"rendered":"http:\/\/rassalud.com\/web\/?p=481"},"modified":"2016-05-04T23:05:38","modified_gmt":"2016-05-04T23:05:38","slug":"lanzamiento-ras-salud-3","status":"publish","type":"post","link":"https:\/\/rassalud.com\/web\/blog\/lanzamiento-ras-salud-3\/","title":{"rendered":"Evento de lanzamiento de RAS Salud 3"},"content":{"rendered":"<p>\nEl s\u00e1bado 23 de Abril de 2016, presentamos en sociedad la nueva versi\u00f3n de RAS Salud, el <strong>software online de gesti\u00f3n para centros m\u00e9dicos<\/strong> . El evento de lanzamiento se realiz\u00f3 en la Barraca Mall (Dorrego, Mendoza) al cual asistieron clientes e interesados de las principales instituciones del sector. La jornada incluy\u00f3 la presentaci\u00f3n de las nuevas mejoras y una sesi\u00f3n de couching interactiva orientada espec\u00edficamente al \u00e1mbito de la Salud.\n<\/p>\n<h2>Las mejoras de RAS Salud 3<\/h2>\n<p>\nLos cambios m\u00e1s importantes de RS3 est\u00e1n orientados a la <strong>gesti\u00f3n contable<\/strong> en los centros m\u00e9dicos. Las mejoras incluyen: la introducci\u00f3n del plan de cuentas corrientes, el redise\u00f1o de la facturaci\u00f3n a obras sociales y nuevas herramientas para el \u00e1rea de tesorer\u00eda. Estas mejoras son gratuitas y estar\u00e1n disponibles progresivamente entre mayo y agosto de este a\u00f1o para los clientes del servicio.\n<\/p>\n<p><img loading=\"lazy\" width=\"600\" height=\"450\" src=\"http:\/\/rassalud.com\/web\/wp-content\/uploads\/2016\/05\/evento-ras-salud-3-que-cambia-export.png\" alt=\"evento-ras-salud-3-que-cambia-export\" class=\"aligncenter size-full wp-image-489\" srcset=\"https:\/\/rassalud.com\/web\/wp-content\/uploads\/2016\/05\/evento-ras-salud-3-que-cambia-export.png 600w, https:\/\/rassalud.com\/web\/wp-content\/uploads\/2016\/05\/evento-ras-salud-3-que-cambia-export-250x187.png 250w, https:\/\/rassalud.com\/web\/wp-content\/uploads\/2016\/05\/evento-ras-salud-3-que-cambia-export-120x90.png 120w\" sizes=\"(max-width: 600px) 100vw, 600px\" \/><\/p>\n<h2>Sesi\u00f3n de couching interactiva<\/h2>\n<p>\nPor otro lado, y atento a la problem\u00e1ticas comunes de los clientes, realizamos una sesi\u00f3n interactiva de couching orientadas a la Salud. La misma estuvo a cargo del Ing. Carlos Sanchez (coach) quien vino exclusivamente desde Buenos Aires para la ocasi\u00f3n. Se abordaron t\u00e9cnicas para <strong>mejorar el trato con los pacientes<\/strong>, uso de filtros emocionales de PNL (programaci\u00f3n neuro-ling\u00fc\u00edstica) y como alinear los objetivos personales al empresarial.\n<\/p>\n<h2>Mejorar la rentabilidad del sector<\/h2>\n<p>\nCon estas nuevas mejoras y la sesi\u00f3n de couching brindada, seguimos apostando a ofrecer soluciones que <strong>aumenten la rentabilidad en las instituciones de Salud<\/strong>. Actualmente, m\u00e1s de 100 mil \u00a0(cien mil) pacientes por mes se atienden en centros que usan RAS Salud. Convirti\u00e9ndola as\u00ed, en una de las plataformas online m\u00e1s usadas \u00a0del interior del pa\u00eds.\n<\/p>\n<p>\nFuiste al evento? Mir\u00e1 las fotos y <a href=\"https:\/\/web.facebook.com\/rassalud\/photos\/?tab=album&#038;album_id=1011534465550681\" target=\"_blank\">etiquetate en Facebook<\/a>.\n<\/p>\n<p><iframe src=\"\/\/embedsocial.com\/facebook_album\/album_photos\/1011534465550681\" width=\"900\" height=\"1500\" frameborder=\"0\" scrolling=\"no\" marginheight=\"0\" marginwidth=\"0\"><\/iframe><\/p>\n","protected":false},"excerpt":{"rendered":"<p>El s\u00e1bado 23 de Abril de 2016, presentamos en sociedad la nueva versi\u00f3n de RAS Salud, el software online de gesti\u00f3n para centros m\u00e9dicos . [&hellip;]<\/p>\n","protected":false},"author":1,"featured_media":0,"comment_status":"open","ping_status":"open","sticky":false,"template":"","format":"standard","meta":{"content-type":""},"categories":[3,6],"tags":[],"yoast_head":"<!-- This site is optimized with the Yoast SEO plugin v15.6.2 - https:\/\/yoast.com\/wordpress\/plugins\/seo\/ -->\n<title>Evento de lanzamiento de RAS Salud 3 - RAS Salud<\/title>\n<meta name=\"robots\" content=\"index, follow, max-snippet:-1, max-image-preview:large, max-video-preview:-1\" \/>\n<link rel=\"canonical\" href=\"https:\/\/rassalud.com\/web\/blog\/lanzamiento-ras-salud-3\/\" \/>\n<meta property=\"og:locale\" content=\"es_ES\" \/>\n<meta property=\"og:type\" content=\"article\" \/>\n<meta property=\"og:title\" content=\"Evento de lanzamiento de RAS Salud 3 - RAS Salud\" \/>\n<meta property=\"og:description\" content=\"El s\u00e1bado 23 de Abril de 2016, presentamos en sociedad la nueva versi\u00f3n de RAS Salud, el software online de gesti\u00f3n para centros m\u00e9dicos . [&hellip;]\" \/>\n<meta property=\"og:url\" content=\"https:\/\/rassalud.com\/web\/blog\/lanzamiento-ras-salud-3\/\" \/>\n<meta property=\"og:site_name\" content=\"RAS Salud\" \/>\n<meta property=\"article:publisher\" content=\"https:\/\/www.facebook.com\/ras.plataforma\/\" \/>\n<meta property=\"article:published_time\" content=\"2016-05-04T22:49:08+00:00\" \/>\n<meta property=\"article:modified_time\" content=\"2016-05-04T23:05:38+00:00\" \/>\n<meta property=\"og:image\" content=\"http:\/\/rassalud.com\/web\/wp-content\/uploads\/2016\/05\/evento-ras-salud-3-que-cambia-export.png\" \/>\n<meta name=\"twitter:label1\" content=\"Est. reading time\">\n\t<meta name=\"twitter:data1\" content=\"2 minutos\">\n<script type=\"application\/ld+json\" class=\"yoast-schema-graph\">{\"@context\":\"https:\/\/schema.org\",\"@graph\":[{\"@type\":\"Organization\",\"@id\":\"https:\/\/rassalud.com\/web\/#organization\",\"name\":\"Plataforma RAS\",\"url\":\"https:\/\/rassalud.com\/web\/\",\"sameAs\":[\"https:\/\/www.facebook.com\/ras.plataforma\/\",\"https:\/\/www.instagram.com\/ras_plataforma\/\",\"https:\/\/linkedin.com\/company\/ras-plataforma\/\",\"https:\/\/www.youtube.com\/@ras_plataforma\"],\"logo\":{\"@type\":\"ImageObject\",\"@id\":\"https:\/\/rassalud.com\/web\/#logo\",\"inLanguage\":\"es-AR\",\"url\":\"https:\/\/rassalud.com\/web\/wp-content\/uploads\/2023\/02\/logo-RAS-480x480-1.png\",\"width\":480,\"height\":480,\"caption\":\"Plataforma RAS\"},\"image\":{\"@id\":\"https:\/\/rassalud.com\/web\/#logo\"}},{\"@type\":\"WebSite\",\"@id\":\"https:\/\/rassalud.com\/web\/#website\",\"url\":\"https:\/\/rassalud.com\/web\/\",\"name\":\"RAS Salud\",\"description\":\"Software de gesti\\u00f3n para centros m\\u00e9dicos y cl\\u00ednicas ambulatorias\",\"publisher\":{\"@id\":\"https:\/\/rassalud.com\/web\/#organization\"},\"potentialAction\":[{\"@type\":\"SearchAction\",\"target\":\"https:\/\/rassalud.com\/web\/?s={search_term_string}\",\"query-input\":\"required name=search_term_string\"}],\"inLanguage\":\"es-AR\"},{\"@type\":\"ImageObject\",\"@id\":\"https:\/\/rassalud.com\/web\/blog\/lanzamiento-ras-salud-3\/#primaryimage\",\"inLanguage\":\"es-AR\",\"url\":\"http:\/\/rassalud.com\/web\/wp-content\/uploads\/2016\/05\/evento-ras-salud-3-que-cambia-export.png\"},{\"@type\":\"WebPage\",\"@id\":\"https:\/\/rassalud.com\/web\/blog\/lanzamiento-ras-salud-3\/#webpage\",\"url\":\"https:\/\/rassalud.com\/web\/blog\/lanzamiento-ras-salud-3\/\",\"name\":\"Evento de lanzamiento de RAS Salud 3 - RAS Salud\",\"isPartOf\":{\"@id\":\"https:\/\/rassalud.com\/web\/#website\"},\"primaryImageOfPage\":{\"@id\":\"https:\/\/rassalud.com\/web\/blog\/lanzamiento-ras-salud-3\/#primaryimage\"},\"datePublished\":\"2016-05-04T22:49:08+00:00\",\"dateModified\":\"2016-05-04T23:05:38+00:00\",\"inLanguage\":\"es-AR\",\"potentialAction\":[{\"@type\":\"ReadAction\",\"target\":[\"https:\/\/rassalud.com\/web\/blog\/lanzamiento-ras-salud-3\/\"]}]},{\"@type\":\"Article\",\"@id\":\"https:\/\/rassalud.com\/web\/blog\/lanzamiento-ras-salud-3\/#article\",\"isPartOf\":{\"@id\":\"https:\/\/rassalud.com\/web\/blog\/lanzamiento-ras-salud-3\/#webpage\"},\"author\":{\"@id\":\"https:\/\/rassalud.com\/web\/#\/schema\/person\/9bd21a0ef97c3295da15748f2eea5b75\"},\"headline\":\"Evento de lanzamiento de RAS Salud 3\",\"datePublished\":\"2016-05-04T22:49:08+00:00\",\"dateModified\":\"2016-05-04T23:05:38+00:00\",\"mainEntityOfPage\":{\"@id\":\"https:\/\/rassalud.com\/web\/blog\/lanzamiento-ras-salud-3\/#webpage\"},\"commentCount\":0,\"publisher\":{\"@id\":\"https:\/\/rassalud.com\/web\/#organization\"},\"image\":{\"@id\":\"https:\/\/rassalud.com\/web\/blog\/lanzamiento-ras-salud-3\/#primaryimage\"},\"articleSection\":\"Blog,Destacados\",\"inLanguage\":\"es-AR\",\"potentialAction\":[{\"@type\":\"CommentAction\",\"name\":\"Comment\",\"target\":[\"https:\/\/rassalud.com\/web\/blog\/lanzamiento-ras-salud-3\/#respond\"]}]},{\"@type\":\"Person\",\"@id\":\"https:\/\/rassalud.com\/web\/#\/schema\/person\/9bd21a0ef97c3295da15748f2eea5b75\",\"name\":\"prensa\",\"image\":{\"@type\":\"ImageObject\",\"@id\":\"https:\/\/rassalud.com\/web\/#personlogo\",\"inLanguage\":\"es-AR\",\"url\":\"https:\/\/secure.gravatar.com\/avatar\/fda24883c6da8bd125ece164e152abde?s=96&d=mm&r=g\",\"caption\":\"prensa\"}}]}<\/script>\n<!-- \/ Yoast SEO plugin. -->","_links":{"self":[{"href":"https:\/\/rassalud.com\/web\/wp-json\/wp\/v2\/posts\/481"}],"collection":[{"href":"https:\/\/rassalud.com\/web\/wp-json\/wp\/v2\/posts"}],"about":[{"href":"https:\/\/rassalud.com\/web\/wp-json\/wp\/v2\/types\/post"}],"author":[{"embeddable":true,"href":"https:\/\/rassalud.com\/web\/wp-json\/wp\/v2\/users\/1"}],"replies":[{"embeddable":true,"href":"https:\/\/rassalud.com\/web\/wp-json\/wp\/v2\/comments?post=481"}],"version-history":[{"count":8,"href":"https:\/\/rassalud.com\/web\/wp-json\/wp\/v2\/posts\/481\/revisions"}],"predecessor-version":[{"id":491,"href":"https:\/\/rassalud.com\/web\/wp-json\/wp\/v2\/posts\/481\/revisions\/491"}],"wp:attachment":[{"href":"https:\/\/rassalud.com\/web\/wp-json\/wp\/v2\/media?parent=481"}],"wp:term":[{"taxonomy":"category","embeddable":true,"href":"https:\/\/rassalud.com\/web\/wp-json\/wp\/v2\/categories?post=481"},{"taxonomy":"post_tag","embeddable":true,"href":"https:\/\/rassalud.com\/web\/wp-json\/wp\/v2\/tags?post=481"}],"curies":[{"name":"wp","href":"https:\/\/api.w.org\/{rel}","templated":true}]}}